{"id":3198,"date":"2026-01-21T16:50:19","date_gmt":"2026-01-21T16:50:19","guid":{"rendered":"https:\/\/www.kcbdf.com.br\/novo\/?p=3198"},"modified":"2026-01-21T16:50:21","modified_gmt":"2026-01-21T16:50:21","slug":"semana-nacional-dos-animais","status":"publish","type":"post","link":"https:\/\/www.kcbdf.com.br\/novo\/semana-nacional-dos-animais\/","title":{"rendered":"Semana Nacional dos Animais"},"content":{"rendered":"\n<p>O maior evento da causa animal no Brasil j\u00e1 tem data e local!<br><br><img loading=\"lazy\" decoding=\"async\" height=\"16\" width=\"16\" alt=\"\ud83d\udccd\" src=\"https:\/\/static.xx.fbcdn.net\/images\/emoji.php\/v9\/t2d\/1\/16\/1f4cd.png\">&nbsp;Bras\u00edlia \u2013 DF<br><img loading=\"lazy\" decoding=\"async\" height=\"16\" width=\"16\" alt=\"\ud83d\udcc5\" src=\"https:\/\/static.xx.fbcdn.net\/images\/emoji.php\/v9\/t7e\/1\/16\/1f4c5.png\">&nbsp;11 e 12 de mar\u00e7o de 2026<br><img loading=\"lazy\" decoding=\"async\" height=\"16\" width=\"16\" alt=\"\u23f0\" src=\"https:\/\/static.xx.fbcdn.net\/images\/emoji.php\/v9\/t34\/1\/16\/23f0.png\">&nbsp;8h (11\/03) \u00e0s 20h (12\/03)<br><br>A Semana Nacional dos Animais ser\u00e1 um espa\u00e7o estrat\u00e9gico de di\u00e1logo e constru\u00e7\u00e3o coletiva sobre os principais desafios da prote\u00e7\u00e3o, defesa e direitos animais no Brasil. O evento reunir\u00e1 representantes de todo o pa\u00eds para debater temas como:<br><br>\u2022 Animais silvestres<br>\u2022 Vida marinha<br>\u2022 Bem-estar dos animais ditos de produ\u00e7\u00e3o<br>\u2022 Sistemas alimentares<br>\u2022 Pol\u00edticas p\u00fablicas para c\u00e3es e gatos<br>\u2022 Animais usados na ci\u00eancia<br>\u2022 Enfrentamento aos maus-tratos e ao tr\u00e1fico de animais<br>\u2022 Resposta \u00e0 fauna em desastres e emerg\u00eancias ambientais<br><br><img loading=\"lazy\" decoding=\"async\" height=\"16\" width=\"16\" alt=\"\ud83c\udfaf\" src=\"https:\/\/static.xx.fbcdn.net\/images\/emoji.php\/v9\/tb0\/1\/16\/1f3af.png\">&nbsp;Objetivo central<br>Fazer um balan\u00e7o dos avan\u00e7os j\u00e1 alcan\u00e7ados e pactuar, de forma participativa, uma agenda estrat\u00e9gica para 2026\u20132030.<br><br><img loading=\"lazy\" decoding=\"async\" height=\"16\" width=\"16\" alt=\"\ud83d\udc49\" src=\"https:\/\/static.xx.fbcdn.net\/images\/emoji.php\/v9\/t51\/1\/16\/1f449.png\">&nbsp;Participa\u00e7\u00e3o presencial \u00e9 fundamental<br><img loading=\"lazy\" decoding=\"async\" height=\"16\" width=\"16\" alt=\"\ud83d\udccc\" src=\"https:\/\/static.xx.fbcdn.net\/images\/emoji.php\/v9\/tac\/1\/16\/1f4cc.png\">&nbsp;Programa\u00e7\u00e3o completa e link de inscri\u00e7\u00e3o em breve<br><img loading=\"lazy\" decoding=\"async\" height=\"16\" width=\"16\" alt=\"\ud83d\udc65\" src=\"https:\/\/static.xx.fbcdn.net\/images\/emoji.php\/v9\/t8b\/1\/16\/1f465.png\">&nbsp;1.000 participantes de todo o Brasil<br><br>A Semana Nacional dos Animais \u00e9 realizada pelo Departamento de Prote\u00e7\u00e3o, Defesa e Direitos Animais (DPDA), da Secretaria Nacional de Biodiversidade, Florestas e Direitos Animais, do Minist\u00e9rio do Meio Ambiente e Mudan\u00e7a do Clima, com apoio da Fiocruz, da Frente Parlamentar Ambientalista e das seguintes organiza\u00e7\u00f5es da sociedade civil:<br><br>Ampara Animal | ANAA | Animal Equality | CONEDAN | F\u00f3rum Nacional de Prote\u00e7\u00e3o e Defesa Animal | Freeland Brasil | Humane World for Animals | FEBRACA | Instituto Mais Veg | Mercy For Animals | Sea Shepherd Brasil | Sinergia Animal | Sociedade Vegetariana Brasileira \u2013 SVB | The Donkey Sanctuary | The Pollination Project Foundation | Prote\u00e7\u00e3o Animal Mundial | Instituto de Medicina Veterin\u00e1ria do Coletivo | Grad Brasil&nbsp;<\/p>\n\n\n\n<p>Ver menos<\/p>\n\n\n\n<p>\u2014&nbsp;com&nbsp;<strong>forum.animal<\/strong>.<\/p>\n","protected":false},"excerpt":{"rendered":"<p>O maior evento da causa animal no Brasil j\u00e1 tem data e local! &nbsp;Bras\u00edlia \u2013 DF&nbsp;11 e 12 de mar\u00e7o de 2026&nbsp;8h (11\/03) \u00e0s 20h (12\/03) A Semana Nacional dos Animais ser\u00e1 um espa\u00e7o estrat\u00e9gico de di\u00e1logo e constru\u00e7\u00e3o coletiva sobre os principais desafios da prote\u00e7\u00e3o, defesa e direitos animais no Brasil. O evento reunir\u00e1 [&hellip;]<\/p>\n","protected":false},"author":1,"featured_media":3199,"comment_status":"open","ping_status":"open","sticky":false,"template":"","format":"standard","meta":{"_acf_changed":false,"footnotes":""},"categories":[5],"tags":[],"class_list":["post-3198","post","type-post","status-publish","format-standard","has-post-thumbnail","hentry","category-kennel"],"acf":[],"_links":{"self":[{"href":"https:\/\/www.kcbdf.com.br\/novo\/wp-json\/wp\/v2\/posts\/3198","targetHints":{"allow":["GET"]}}],"collection":[{"href":"https:\/\/www.kcbdf.com.br\/novo\/wp-json\/wp\/v2\/posts"}],"about":[{"href":"https:\/\/www.kcbdf.com.br\/novo\/wp-json\/wp\/v2\/types\/post"}],"author":[{"embeddable":true,"href":"https:\/\/www.kcbdf.com.br\/novo\/wp-json\/wp\/v2\/users\/1"}],"replies":[{"embeddable":true,"href":"https:\/\/www.kcbdf.com.br\/novo\/wp-json\/wp\/v2\/comments?post=3198"}],"version-history":[{"count":1,"href":"https:\/\/www.kcbdf.com.br\/novo\/wp-json\/wp\/v2\/posts\/3198\/revisions"}],"predecessor-version":[{"id":3200,"href":"https:\/\/www.kcbdf.com.br\/novo\/wp-json\/wp\/v2\/posts\/3198\/revisions\/3200"}],"wp:featuredmedia":[{"embeddable":true,"href":"https:\/\/www.kcbdf.com.br\/novo\/wp-json\/wp\/v2\/media\/3199"}],"wp:attachment":[{"href":"https:\/\/www.kcbdf.com.br\/novo\/wp-json\/wp\/v2\/media?parent=3198"}],"wp:term":[{"taxonomy":"category","embeddable":true,"href":"https:\/\/www.kcbdf.com.br\/novo\/wp-json\/wp\/v2\/categories?post=3198"},{"taxonomy":"post_tag","embeddable":true,"href":"https:\/\/www.kcbdf.com.br\/novo\/wp-json\/wp\/v2\/tags?post=3198"}],"curies":[{"name":"wp","href":"https:\/\/api.w.org\/{rel}","templated":true}]}}